{"id":1870,"date":"2023-05-13T09:02:01","date_gmt":"2023-05-13T15:02:01","guid":{"rendered":"http:\/\/moodle.uii.edu.mx\/noticias\/?p=1870"},"modified":"2023-05-13T09:02:02","modified_gmt":"2023-05-13T15:02:02","slug":"experiencia-de-viaje-diseno-y-artes-visuales","status":"publish","type":"post","link":"http:\/\/moodle.uii.edu.mx\/noticias\/index.php\/2023\/05\/13\/experiencia-de-viaje-diseno-y-artes-visuales\/","title":{"rendered":"Experiencia de viaje Dise\u00f1o y Artes Visuales"},"content":{"rendered":"\n<figure class=\"wp-block-image size-large\"><img loading=\"lazy\" width=\"720\" height=\"540\" src=\"http:\/\/moodle.uii.edu.mx\/noticias\/wp-content\/uploads\/2023\/05\/expArtes5.jpg\" alt=\"\" class=\"wp-image-1872\" srcset=\"http:\/\/moodle.uii.edu.mx\/noticias\/wp-content\/uploads\/2023\/05\/expArtes5.jpg 720w, http:\/\/moodle.uii.edu.mx\/noticias\/wp-content\/uploads\/2023\/05\/expArtes5-300x225.jpg 300w\" sizes=\"(max-width: 720px) 100vw, 720px\" \/><\/figure>\n\n\n\n<p>Los alumnos de la carrera de Dise\u00f1o y Artes Visuales vivieron la experiencia de asistir al Congreso De Hache, un espacio en donde se presentan personajes de referencia en el dise\u00f1o y artes. Dicho congreso se expone en la ciudad de Quer\u00e9taro y toda la experiencia fue sumamente grata<\/p>\n\n\n\n<div class=\"wp-block-image\"><figure class=\"aligncenter size-large\"><img loading=\"lazy\" width=\"720\" height=\"480\" src=\"http:\/\/moodle.uii.edu.mx\/noticias\/wp-content\/uploads\/2023\/05\/expArtes1.jpg\" alt=\"\" class=\"wp-image-1871\" srcset=\"http:\/\/moodle.uii.edu.mx\/noticias\/wp-content\/uploads\/2023\/05\/expArtes1.jpg 720w, http:\/\/moodle.uii.edu.mx\/noticias\/wp-content\/uploads\/2023\/05\/expArtes1-300x200.jpg 300w\" sizes=\"(max-width: 720px) 100vw, 720px\" \/><\/figure><\/div>\n\n\n\n<p>Fue un congreso con un toque relajado y personal, pero que impresion\u00f3 a nuestros alumnos, a su vez se dieron cuenta del nivel de organizaci\u00f3n y atracci\u00f3n de respuesta que tiene ya que es una experiencia a la cual se invita a dise\u00f1adores no s\u00f3lo de M\u00e9xico sino tambi\u00e9n de Latinoam\u00e9rica<\/p>\n\n\n\n<div class=\"wp-block-image\"><figure class=\"aligncenter size-large\"><img loading=\"lazy\" width=\"720\" height=\"540\" src=\"http:\/\/moodle.uii.edu.mx\/noticias\/wp-content\/uploads\/2023\/05\/expArtes2.jpg\" alt=\"\" class=\"wp-image-1874\" srcset=\"http:\/\/moodle.uii.edu.mx\/noticias\/wp-content\/uploads\/2023\/05\/expArtes2.jpg 720w, http:\/\/moodle.uii.edu.mx\/noticias\/wp-content\/uploads\/2023\/05\/expArtes2-300x225.jpg 300w\" sizes=\"(max-width: 720px) 100vw, 720px\" \/><\/figure><\/div>\n\n\n\n<p>A pesar de que la mayor\u00eda de las conferencias fueron de la experiencia de los ponentes m\u00e1s que alguna gu\u00eda pr\u00e1ctica, definitivamente fue muy nutritivo ver todo lo que cada una de esas personas han logrado a lo largo de su vida, como panorama general pudieron identificar con ellos porque al final siguen siendo personas con emociones y pensamientos como el resto de nosotros.<\/p>\n\n\n\n<div class=\"wp-block-image\"><figure class=\"aligncenter size-large\"><img loading=\"lazy\" width=\"720\" height=\"405\" src=\"http:\/\/moodle.uii.edu.mx\/noticias\/wp-content\/uploads\/2023\/05\/expArtes3.jpg\" alt=\"\" class=\"wp-image-1875\" srcset=\"http:\/\/moodle.uii.edu.mx\/noticias\/wp-content\/uploads\/2023\/05\/expArtes3.jpg 720w, http:\/\/moodle.uii.edu.mx\/noticias\/wp-content\/uploads\/2023\/05\/expArtes3-300x169.jpg 300w\" sizes=\"(max-width: 720px) 100vw, 720px\" \/><\/figure><\/div>\n\n\n\n<p>Una de las conferencias favoritas fue la de Marcel Ziul, brasile\u00f1o que radica en Estados Unidos y es CEO de State, una agencia de motion graphics. En su conferencia platicaba del proceso que vivi\u00f3 a lo largo de su vida para llegar a donde est\u00e1 hoy, es reconfortante ver c\u00f3mo las personas que creemos exitosas tambi\u00e9n luchan con aspectos b\u00e1sicos y humanos de la vida como la depresi\u00f3n, la insuficiencia, el menosprecio y la inseguridad. Adem\u00e1s, comparti\u00f3 el producto audiovisual que creaba durante ese momento de su vida. Tambi\u00e9n estuvo interesante la conferencia Quique Ollervides, a quien pudieron conocer para que pueda brindar una conferencia en nuestra instituci\u00f3n.<\/p>\n\n\n\n<div class=\"wp-block-image\"><figure class=\"aligncenter size-large\"><img loading=\"lazy\" width=\"720\" height=\"540\" src=\"http:\/\/moodle.uii.edu.mx\/noticias\/wp-content\/uploads\/2023\/05\/expArtes4.jpg\" alt=\"\" class=\"wp-image-1876\" srcset=\"http:\/\/moodle.uii.edu.mx\/noticias\/wp-content\/uploads\/2023\/05\/expArtes4.jpg 720w, http:\/\/moodle.uii.edu.mx\/noticias\/wp-content\/uploads\/2023\/05\/expArtes4-300x225.jpg 300w\" sizes=\"(max-width: 720px) 100vw, 720px\" \/><\/figure><\/div>\n\n\n\n<p>En general, todos los artistas que participaron mostraron ser sumamente capaces y talentosos, de todos hubo aprendizaje para nuestros alumnos<\/p>\n\n\n\n<div class=\"wp-block-image\"><figure class=\"aligncenter size-large\"><img loading=\"lazy\" width=\"720\" height=\"960\" src=\"http:\/\/moodle.uii.edu.mx\/noticias\/wp-content\/uploads\/2023\/05\/expArtes6.jpg\" alt=\"\" class=\"wp-image-1877\" srcset=\"http:\/\/moodle.uii.edu.mx\/noticias\/wp-content\/uploads\/2023\/05\/expArtes6.jpg 720w, http:\/\/moodle.uii.edu.mx\/noticias\/wp-content\/uploads\/2023\/05\/expArtes6-225x300.jpg 225w\" sizes=\"(max-width: 720px) 100vw, 720px\" \/><\/figure><\/div>\n\n\n\n<p>Definitivamente fue una experiencia que enriqueci\u00f3 el conocimiento y aumento la pasi\u00f3n por el dise\u00f1o.<\/p>\n","protected":false},"excerpt":{"rendered":"<p>Los alumnos de la carrera de Dise\u00f1o y Artes Visuales vivieron la experiencia de asistir al Congreso De Hache, un espacio en donde se presentan personajes de referencia en el dise\u00f1o y artes. Dicho congreso se expone en la ciudad de Quer\u00e9taro y toda la experiencia fue sumamente grata Fue un congreso con un toque [&hellip;]<\/p>\n","protected":false},"author":1,"featured_media":1873,"comment_status":"closed","ping_status":"open","sticky":false,"template":"","format":"standard","meta":[],"categories":[36,26],"tags":[],"_links":{"self":[{"href":"http:\/\/moodle.uii.edu.mx\/noticias\/index.php\/wp-json\/wp\/v2\/posts\/1870"}],"collection":[{"href":"http:\/\/moodle.uii.edu.mx\/noticias\/index.php\/wp-json\/wp\/v2\/posts"}],"about":[{"href":"http:\/\/moodle.uii.edu.mx\/noticias\/index.php\/wp-json\/wp\/v2\/types\/post"}],"author":[{"embeddable":true,"href":"http:\/\/moodle.uii.edu.mx\/noticias\/index.php\/wp-json\/wp\/v2\/users\/1"}],"replies":[{"embeddable":true,"href":"http:\/\/moodle.uii.edu.mx\/noticias\/index.php\/wp-json\/wp\/v2\/comments?post=1870"}],"version-history":[{"count":1,"href":"http:\/\/moodle.uii.edu.mx\/noticias\/index.php\/wp-json\/wp\/v2\/posts\/1870\/revisions"}],"predecessor-version":[{"id":1878,"href":"http:\/\/moodle.uii.edu.mx\/noticias\/index.php\/wp-json\/wp\/v2\/posts\/1870\/revisions\/1878"}],"wp:featuredmedia":[{"embeddable":true,"href":"http:\/\/moodle.uii.edu.mx\/noticias\/index.php\/wp-json\/wp\/v2\/media\/1873"}],"wp:attachment":[{"href":"http:\/\/moodle.uii.edu.mx\/noticias\/index.php\/wp-json\/wp\/v2\/media?parent=1870"}],"wp:term":[{"taxonomy":"category","embeddable":true,"href":"http:\/\/moodle.uii.edu.mx\/noticias\/index.php\/wp-json\/wp\/v2\/categories?post=1870"},{"taxonomy":"post_tag","embeddable":true,"href":"http:\/\/moodle.uii.edu.mx\/noticias\/index.php\/wp-json\/wp\/v2\/tags?post=1870"}],"curies":[{"name":"wp","href":"https:\/\/api.w.org\/{rel}","templated":true}]}}