{"id":1819,"date":"2023-02-17T12:31:21","date_gmt":"2023-02-17T18:31:21","guid":{"rendered":"http:\/\/moodle.uii.edu.mx\/noticias\/?p=1819"},"modified":"2023-02-17T13:20:13","modified_gmt":"2023-02-17T19:20:13","slug":"regreso-a-clases-enero-2023","status":"publish","type":"post","link":"http:\/\/moodle.uii.edu.mx\/noticias\/index.php\/2023\/02\/17\/regreso-a-clases-enero-2023\/","title":{"rendered":"Regreso a clases enero 2023"},"content":{"rendered":"\n<div class=\"wp-block-image\"><figure class=\"aligncenter size-large\"><img loading=\"lazy\" width=\"720\" height=\"480\" src=\"http:\/\/moodle.uii.edu.mx\/noticias\/wp-content\/uploads\/2023\/02\/327764619_902304917850995_8529836482454551573_n.jpg\" alt=\"\" class=\"wp-image-1820\" srcset=\"http:\/\/moodle.uii.edu.mx\/noticias\/wp-content\/uploads\/2023\/02\/327764619_902304917850995_8529836482454551573_n.jpg 720w, http:\/\/moodle.uii.edu.mx\/noticias\/wp-content\/uploads\/2023\/02\/327764619_902304917850995_8529836482454551573_n-300x200.jpg 300w\" sizes=\"(max-width: 720px) 100vw, 720px\" \/><\/figure><\/div>\n\n\n\n<p>Comenzaron las clases para nuestras distintas unidades acad\u00e9micas, y con esto regres\u00f3 nuestra comunidad de estudiantes paulatinamente a llenar las aulas con energ\u00eda y retos por superar, pues despu\u00e9s de un largo descanso de reflexi\u00f3n, se ven ansiosos por retomar todas las actividades y experiencias que tenemos para ellos.<\/p>\n\n\n\n<div class=\"wp-block-image\"><figure class=\"aligncenter size-large\"><img loading=\"lazy\" width=\"720\" height=\"480\" src=\"http:\/\/moodle.uii.edu.mx\/noticias\/wp-content\/uploads\/2023\/02\/328252116_876952513510609_886789008443344160_n.jpg\" alt=\"\" class=\"wp-image-1821\" srcset=\"http:\/\/moodle.uii.edu.mx\/noticias\/wp-content\/uploads\/2023\/02\/328252116_876952513510609_886789008443344160_n.jpg 720w, http:\/\/moodle.uii.edu.mx\/noticias\/wp-content\/uploads\/2023\/02\/328252116_876952513510609_886789008443344160_n-300x200.jpg 300w\" sizes=\"(max-width: 720px) 100vw, 720px\" \/><\/figure><\/div>\n\n\n\n<p>Con ello, pudieron apreciar y conocer los diferentes talleres y selectivos que el Departamento de Difusi\u00f3n de la Cultura y las Artes (DCA) y el Departamento de Deportes y Activaci\u00f3n F\u00edsica (DAF) ofrecen para complementar su desarrollo transversal a trav\u00e9s de nuestro modelo educativo.<\/p>\n\n\n\n<div class=\"wp-block-image\"><figure class=\"aligncenter size-large\"><img loading=\"lazy\" width=\"683\" height=\"1024\" src=\"http:\/\/moodle.uii.edu.mx\/noticias\/wp-content\/uploads\/2023\/02\/328535377_644916277634679_7269166976693008914_n-683x1024.jpg\" alt=\"\" class=\"wp-image-1822\" srcset=\"http:\/\/moodle.uii.edu.mx\/noticias\/wp-content\/uploads\/2023\/02\/328535377_644916277634679_7269166976693008914_n-683x1024.jpg 683w, http:\/\/moodle.uii.edu.mx\/noticias\/wp-content\/uploads\/2023\/02\/328535377_644916277634679_7269166976693008914_n-200x300.jpg 200w, http:\/\/moodle.uii.edu.mx\/noticias\/wp-content\/uploads\/2023\/02\/328535377_644916277634679_7269166976693008914_n.jpg 720w\" sizes=\"(max-width: 683px) 100vw, 683px\" \/><\/figure><\/div>\n\n\n\n<p>Nuestros alumnos pueden participar en talleres y clases del Programa de Apreciaci\u00f3n del Arte con el fin de obtener sus cr\u00e9ditos culturales, as\u00ed como los cr\u00e9ditos deportivos por parte del Departamento de Deportes y Activaci\u00f3n F\u00edsica (DAF).<\/p>\n\n\n\n<div class=\"wp-block-image\"><figure class=\"aligncenter size-large\"><img loading=\"lazy\" width=\"720\" height=\"480\" src=\"http:\/\/moodle.uii.edu.mx\/noticias\/wp-content\/uploads\/2023\/02\/328857756_584300633710031_6852122586128240985_n.jpg\" alt=\"\" class=\"wp-image-1823\" srcset=\"http:\/\/moodle.uii.edu.mx\/noticias\/wp-content\/uploads\/2023\/02\/328857756_584300633710031_6852122586128240985_n.jpg 720w, http:\/\/moodle.uii.edu.mx\/noticias\/wp-content\/uploads\/2023\/02\/328857756_584300633710031_6852122586128240985_n-300x200.jpg 300w\" sizes=\"(max-width: 720px) 100vw, 720px\" \/><\/figure><\/div>\n\n\n\n<p>De esta manera, podr\u00e1n adquirir conocimientos, habilidades y actitudes que integren una formaci\u00f3n humanista a trav\u00e9s de la disciplina y la reflexi\u00f3n.<\/p>\n\n\n\n<div class=\"wp-block-image\"><figure class=\"aligncenter size-large\"><img loading=\"lazy\" width=\"720\" height=\"480\" src=\"http:\/\/moodle.uii.edu.mx\/noticias\/wp-content\/uploads\/2023\/02\/329015720_860895981833140_4398507691587731329_n.jpg\" alt=\"\" class=\"wp-image-1824\" srcset=\"http:\/\/moodle.uii.edu.mx\/noticias\/wp-content\/uploads\/2023\/02\/329015720_860895981833140_4398507691587731329_n.jpg 720w, http:\/\/moodle.uii.edu.mx\/noticias\/wp-content\/uploads\/2023\/02\/329015720_860895981833140_4398507691587731329_n-300x200.jpg 300w\" sizes=\"(max-width: 720px) 100vw, 720px\" \/><\/figure><\/div>\n\n\n\n<p>Gracias por estar aqu\u00ed hoy. \u00a1Les deseamos una gran bienvenida a este ciclo escolar!<\/p>\n\n\n\n<div class=\"wp-block-image\"><figure class=\"aligncenter size-large\"><img loading=\"lazy\" width=\"720\" height=\"480\" src=\"http:\/\/moodle.uii.edu.mx\/noticias\/wp-content\/uploads\/2023\/02\/clase1.jpg\" alt=\"\" class=\"wp-image-1825\" srcset=\"http:\/\/moodle.uii.edu.mx\/noticias\/wp-content\/uploads\/2023\/02\/clase1.jpg 720w, http:\/\/moodle.uii.edu.mx\/noticias\/wp-content\/uploads\/2023\/02\/clase1-300x200.jpg 300w\" sizes=\"(max-width: 720px) 100vw, 720px\" \/><\/figure><\/div>\n","protected":false},"excerpt":{"rendered":"<p>Comenzaron las clases para nuestras distintas unidades acad\u00e9micas, y con esto regres\u00f3 nuestra comunidad de estudiantes paulatinamente a llenar las aulas con energ\u00eda y retos por superar, pues despu\u00e9s de un largo descanso de reflexi\u00f3n, se ven ansiosos por retomar todas las actividades y experiencias que tenemos para ellos. Con ello, pudieron apreciar y conocer [&hellip;]<\/p>\n","protected":false},"author":1,"featured_media":1820,"comment_status":"closed","ping_status":"open","sticky":false,"template":"","format":"standard","meta":[],"categories":[32,36,4,35,34,26],"tags":[],"_links":{"self":[{"href":"http:\/\/moodle.uii.edu.mx\/noticias\/index.php\/wp-json\/wp\/v2\/posts\/1819"}],"collection":[{"href":"http:\/\/moodle.uii.edu.mx\/noticias\/index.php\/wp-json\/wp\/v2\/posts"}],"about":[{"href":"http:\/\/moodle.uii.edu.mx\/noticias\/index.php\/wp-json\/wp\/v2\/types\/post"}],"author":[{"embeddable":true,"href":"http:\/\/moodle.uii.edu.mx\/noticias\/index.php\/wp-json\/wp\/v2\/users\/1"}],"replies":[{"embeddable":true,"href":"http:\/\/moodle.uii.edu.mx\/noticias\/index.php\/wp-json\/wp\/v2\/comments?post=1819"}],"version-history":[{"count":1,"href":"http:\/\/moodle.uii.edu.mx\/noticias\/index.php\/wp-json\/wp\/v2\/posts\/1819\/revisions"}],"predecessor-version":[{"id":1826,"href":"http:\/\/moodle.uii.edu.mx\/noticias\/index.php\/wp-json\/wp\/v2\/posts\/1819\/revisions\/1826"}],"wp:featuredmedia":[{"embeddable":true,"href":"http:\/\/moodle.uii.edu.mx\/noticias\/index.php\/wp-json\/wp\/v2\/media\/1820"}],"wp:attachment":[{"href":"http:\/\/moodle.uii.edu.mx\/noticias\/index.php\/wp-json\/wp\/v2\/media?parent=1819"}],"wp:term":[{"taxonomy":"category","embeddable":true,"href":"http:\/\/moodle.uii.edu.mx\/noticias\/index.php\/wp-json\/wp\/v2\/categories?post=1819"},{"taxonomy":"post_tag","embeddable":true,"href":"http:\/\/moodle.uii.edu.mx\/noticias\/index.php\/wp-json\/wp\/v2\/tags?post=1819"}],"curies":[{"name":"wp","href":"https:\/\/api.w.org\/{rel}","templated":true}]}}