{"id":1546,"date":"2020-12-21T11:54:16","date_gmt":"2020-12-21T17:54:16","guid":{"rendered":"http:\/\/moodle.uii.edu.mx\/noticias\/?p=1546"},"modified":"2020-12-21T12:28:21","modified_gmt":"2020-12-21T18:28:21","slug":"conferencias","status":"publish","type":"post","link":"http:\/\/moodle.uii.edu.mx\/noticias\/index.php\/2020\/12\/21\/conferencias\/","title":{"rendered":"Conferencias"},"content":{"rendered":"\n<figure class=\"wp-block-image size-large\"><img loading=\"lazy\" width=\"520\" height=\"273\" src=\"http:\/\/moodle.uii.edu.mx\/noticias\/wp-content\/uploads\/2020\/12\/portadanop.jpg\" alt=\"\" class=\"wp-image-1560\" srcset=\"http:\/\/moodle.uii.edu.mx\/noticias\/wp-content\/uploads\/2020\/12\/portadanop.jpg 520w, http:\/\/moodle.uii.edu.mx\/noticias\/wp-content\/uploads\/2020\/12\/portadanop-300x158.jpg 300w\" sizes=\"(max-width: 520px) 100vw, 520px\" \/><\/figure>\n\n\n\n<p>Como parte de las experiencias educativas se present\u00f3 la conferencia muy interesante debido a que se toma la importancia de pensar en el futuro, tambi\u00e9n la interrogante de lo que vamos a hacer, c\u00f3mo lo vamos a hacer, a qu\u00e9 nos vamos a dedicar, qu\u00e9 es lo que queremos y qu\u00e9 clase de personas seremos, entre otras cosas. Son muchas cuestiones en las cuales se debe de tomar en cuenta, pero a su vez dar importancia de las cosas que tengan que ver con otros.<\/p>\n\n\n\n<figure class=\"wp-block-image size-large\"><img loading=\"lazy\" width=\"587\" height=\"339\" src=\"http:\/\/moodle.uii.edu.mx\/noticias\/wp-content\/uploads\/2020\/12\/WhatsApp-Image-2020-12-21-at-11.52.06-AM-2.jpg\" alt=\"\" class=\"wp-image-1561\" srcset=\"http:\/\/moodle.uii.edu.mx\/noticias\/wp-content\/uploads\/2020\/12\/WhatsApp-Image-2020-12-21-at-11.52.06-AM-2.jpg 587w, http:\/\/moodle.uii.edu.mx\/noticias\/wp-content\/uploads\/2020\/12\/WhatsApp-Image-2020-12-21-at-11.52.06-AM-2-300x173.jpg 300w, http:\/\/moodle.uii.edu.mx\/noticias\/wp-content\/uploads\/2020\/12\/WhatsApp-Image-2020-12-21-at-11.52.06-AM-2-202x116.jpg 202w\" sizes=\"(max-width: 587px) 100vw, 587px\" \/><\/figure>\n\n\n\n<p>Cabe mencionar que las decisiones que tomemos y la forma en la que actuamos no s\u00f3lo nos afectan a nosotros, sino que tambi\u00e9n afecta a las personas que est\u00e1n a nuestro alrededor; y que muchas veces est\u00e1s decisiones est\u00e1n siendo influenciadas por nuestra familia, nuestros amigos, etc\u00e9tera. Entonces cuando se presenta la oportunidad de decidir ya cuando contamos con m\u00e1s edad, como, por ejemplo: en este momento es cuando tomamos la responsabilidad de elegir y actuar de la mejor manera.<\/p>\n\n\n\n<figure class=\"wp-block-image size-large\"><img loading=\"lazy\" width=\"589\" height=\"387\" src=\"http:\/\/moodle.uii.edu.mx\/noticias\/wp-content\/uploads\/2020\/12\/WhatsApp-Image-2020-12-21-at-11.52.06-AM-4.jpg\" alt=\"\" class=\"wp-image-1562\" srcset=\"http:\/\/moodle.uii.edu.mx\/noticias\/wp-content\/uploads\/2020\/12\/WhatsApp-Image-2020-12-21-at-11.52.06-AM-4.jpg 589w, http:\/\/moodle.uii.edu.mx\/noticias\/wp-content\/uploads\/2020\/12\/WhatsApp-Image-2020-12-21-at-11.52.06-AM-4-300x197.jpg 300w\" sizes=\"(max-width: 589px) 100vw, 589px\" \/><\/figure>\n\n\n\n<p>Por otra parte, se coment\u00f3 en la conferencia que a veces lo que uno decide estudiar no es lo que se espera, sin embargo, siempre est\u00e1 la oportunidad de poder empezar de nuevo con algo que de verdad nos interese, es importante que a lo que nos dediquemos empate con lo que nos gusta y con lo que queremos ser. Intervienen muchas cosas para lograrlo, pero lo m\u00e1s importante es que si uno lo quiere lo puede conseguir, a pesar de las circunstancias que se presenten; junto con ello los recursos que uno posee para poder llevarlo a cabo.<\/p>\n\n\n\n<p>El Instituto Irapuato est\u00e1 enfocado en ofrecer experiencias educativas para la reflexi\u00f3n y el aprendizaje que encaminen a la comunidad educativa a la toma de decisiones y a la resoluci\u00f3n de problemas.<\/p>\n","protected":false},"excerpt":{"rendered":"<p>Como parte de las experiencias educativas se present\u00f3 la conferencia muy interesante debido a que se toma la importancia de pensar en el futuro, tambi\u00e9n la interrogante de lo que vamos a hacer, c\u00f3mo lo vamos a hacer, a qu\u00e9 nos vamos a dedicar, qu\u00e9 es lo que queremos y qu\u00e9 clase de personas seremos, [&hellip;]<\/p>\n","protected":false},"author":1,"featured_media":1560,"comment_status":"closed","ping_status":"open","sticky":false,"template":"","format":"standard","meta":[],"categories":[36,4,34,26],"tags":[],"_links":{"self":[{"href":"http:\/\/moodle.uii.edu.mx\/noticias\/index.php\/wp-json\/wp\/v2\/posts\/1546"}],"collection":[{"href":"http:\/\/moodle.uii.edu.mx\/noticias\/index.php\/wp-json\/wp\/v2\/posts"}],"about":[{"href":"http:\/\/moodle.uii.edu.mx\/noticias\/index.php\/wp-json\/wp\/v2\/types\/post"}],"author":[{"embeddable":true,"href":"http:\/\/moodle.uii.edu.mx\/noticias\/index.php\/wp-json\/wp\/v2\/users\/1"}],"replies":[{"embeddable":true,"href":"http:\/\/moodle.uii.edu.mx\/noticias\/index.php\/wp-json\/wp\/v2\/comments?post=1546"}],"version-history":[{"count":2,"href":"http:\/\/moodle.uii.edu.mx\/noticias\/index.php\/wp-json\/wp\/v2\/posts\/1546\/revisions"}],"predecessor-version":[{"id":1563,"href":"http:\/\/moodle.uii.edu.mx\/noticias\/index.php\/wp-json\/wp\/v2\/posts\/1546\/revisions\/1563"}],"wp:featuredmedia":[{"embeddable":true,"href":"http:\/\/moodle.uii.edu.mx\/noticias\/index.php\/wp-json\/wp\/v2\/media\/1560"}],"wp:attachment":[{"href":"http:\/\/moodle.uii.edu.mx\/noticias\/index.php\/wp-json\/wp\/v2\/media?parent=1546"}],"wp:term":[{"taxonomy":"category","embeddable":true,"href":"http:\/\/moodle.uii.edu.mx\/noticias\/index.php\/wp-json\/wp\/v2\/categories?post=1546"},{"taxonomy":"post_tag","embeddable":true,"href":"http:\/\/moodle.uii.edu.mx\/noticias\/index.php\/wp-json\/wp\/v2\/tags?post=1546"}],"curies":[{"name":"wp","href":"https:\/\/api.w.org\/{rel}","templated":true}]}}