{"id":1311,"date":"2020-03-24T09:54:16","date_gmt":"2020-03-24T15:54:16","guid":{"rendered":"http:\/\/localhost\/noticias\/?p=1311"},"modified":"2020-03-24T09:54:16","modified_gmt":"2020-03-24T15:54:16","slug":"9m","status":"publish","type":"post","link":"http:\/\/moodle.uii.edu.mx\/noticias\/index.php\/2020\/03\/24\/9m\/","title":{"rendered":"#9M"},"content":{"rendered":"<p><img loading=\"lazy\" class=\"aligncenter wp-image-1312 size-full\" src=\"http:\/\/localhost\/noticias\/wp-content\/uploads\/2020\/03\/P1200027.jpg\" alt=\"P1200027\" width=\"720\" height=\"405\" srcset=\"http:\/\/moodle.uii.edu.mx\/noticias\/wp-content\/uploads\/2020\/03\/P1200027.jpg 720w, http:\/\/moodle.uii.edu.mx\/noticias\/wp-content\/uploads\/2020\/03\/P1200027-300x169.jpg 300w\" sizes=\"(max-width: 720px) 100vw, 720px\" \/><\/p>\n<p>El pasado 9 de marzo el Instituto Irapuato se uni\u00f3 al movimiento nacional #UnD\u00edaSinNosotras en donde alumnas, maestras y administrativas no se presentaron a la instituci\u00f3n.<\/p>\n<p><img loading=\"lazy\" class=\"aligncenter wp-image-1313 size-full\" src=\"http:\/\/localhost\/noticias\/wp-content\/uploads\/2020\/03\/P1200080.jpg\" alt=\"P1200080\" width=\"720\" height=\"405\" srcset=\"http:\/\/moodle.uii.edu.mx\/noticias\/wp-content\/uploads\/2020\/03\/P1200080.jpg 720w, http:\/\/moodle.uii.edu.mx\/noticias\/wp-content\/uploads\/2020\/03\/P1200080-300x169.jpg 300w\" sizes=\"(max-width: 720px) 100vw, 720px\" \/><\/p>\n<p>D\u00edas atr\u00e1s, el 6 de marzo, se llev\u00f3 a cabo una mesa de di\u00e1logo con mujeres que han impactado en nuestra sociedad irapuatense, tambi\u00e9n se llevaron a cabo varias actividades de concientizaci\u00f3n.<\/p>\n<p>Fue un d\u00eda especial donde se abri\u00f3 un tiempo para reflexionar sobre la importancia de la mujer en la sociedad, adem\u00e1s del valor de la propia vida y los derechos humanos, adem\u00e1s que se realiz\u00f3 un acto de solidario en donde la comunidad de alumnos se tom\u00f3 de las manos.<\/p>\n<p><img loading=\"lazy\" class=\"aligncenter wp-image-1314 size-full\" src=\"http:\/\/localhost\/noticias\/wp-content\/uploads\/2020\/03\/P1200029.jpg\" alt=\"P1200029\" width=\"720\" height=\"405\" srcset=\"http:\/\/moodle.uii.edu.mx\/noticias\/wp-content\/uploads\/2020\/03\/P1200029.jpg 720w, http:\/\/moodle.uii.edu.mx\/noticias\/wp-content\/uploads\/2020\/03\/P1200029-300x169.jpg 300w\" sizes=\"(max-width: 720px) 100vw, 720px\" \/><\/p>\n<p>Una de las pl\u00e1ticas que impact\u00f3 a la comunidad fue el de la Maestra Am\u00e9rica Alc\u00e1ntara titulado \u201cVenimos de morado, Venimos demorados\u201d y que mencion\u00f3 lo siguiente:<\/p>\n<p>No me gusta pensar en mi M\u00e9xico como una cultura de machismo, no me gusta m\u00e1s entender a M\u00e9xico como un pa\u00eds Occidental que trae arrastrando c\u00e1nones que la misma cuna de nuestra civilizaci\u00f3n acu\u00f1o (Grecia) hace ya varios siglos\u2026 Venimos demorados en romper esas ideolog\u00edas, pero venir demorado no quiere decir no llegar&#8230; hemos de llegar y m\u00e1s vale un paso que dure y no un trote que canse.<\/p>\n<p><img loading=\"lazy\" class=\"aligncenter wp-image-1315 size-full\" src=\"http:\/\/localhost\/noticias\/wp-content\/uploads\/2020\/03\/P1200026.jpg\" alt=\"P1200026\" width=\"720\" height=\"405\" srcset=\"http:\/\/moodle.uii.edu.mx\/noticias\/wp-content\/uploads\/2020\/03\/P1200026.jpg 720w, http:\/\/moodle.uii.edu.mx\/noticias\/wp-content\/uploads\/2020\/03\/P1200026-300x169.jpg 300w\" sizes=\"(max-width: 720px) 100vw, 720px\" \/><\/p>\n<p>Por eso hoy m\u00e1s que nunca necesitamos saber aplicar y vivir a diario la compleja palabra <strong>\u201cSORORIDAD\u201d. <\/strong>Ser solidarias con nosotros mismas, y todo comienza desde el hogar \u00a1Desde ah\u00ed sembramos semillas de equidad!<\/p>\n<p><img loading=\"lazy\" class=\"aligncenter wp-image-1316 size-full\" src=\"http:\/\/localhost\/noticias\/wp-content\/uploads\/2020\/03\/P1200021.jpg\" alt=\"P1200021\" width=\"720\" height=\"405\" srcset=\"http:\/\/moodle.uii.edu.mx\/noticias\/wp-content\/uploads\/2020\/03\/P1200021.jpg 720w, http:\/\/moodle.uii.edu.mx\/noticias\/wp-content\/uploads\/2020\/03\/P1200021-300x169.jpg 300w\" sizes=\"(max-width: 720px) 100vw, 720px\" \/><\/p>\n<p>No se trata de empoderarnos se trata de facultarnos. No es nuestro poder el que est\u00e1 en juego, ese lo tenemos desde que nacimos se trata de tranquilidad, de equilibrio de respeto, de paz.<\/p>\n<p>As\u00ed el Instituto Irapuato vivi\u00f3 el #9M<\/p>\n","protected":false},"excerpt":{"rendered":"<p>El pasado 9 de marzo el Instituto Irapuato se uni\u00f3 al movimiento nacional #UnD\u00edaSinNosotras en donde alumnas, maestras y administrativas no se presentaron a la instituci\u00f3n. D\u00edas atr\u00e1s, el 6 de marzo, se llev\u00f3 a cabo una mesa de di\u00e1logo con mujeres que han impactado en nuestra sociedad irapuatense, tambi\u00e9n se llevaron a cabo varias [&hellip;]<\/p>\n","protected":false},"author":1,"featured_media":1312,"comment_status":"closed","ping_status":"open","sticky":false,"template":"","format":"standard","meta":[],"categories":[33,32,36,4,35,34,26],"tags":[],"_links":{"self":[{"href":"http:\/\/moodle.uii.edu.mx\/noticias\/index.php\/wp-json\/wp\/v2\/posts\/1311"}],"collection":[{"href":"http:\/\/moodle.uii.edu.mx\/noticias\/index.php\/wp-json\/wp\/v2\/posts"}],"about":[{"href":"http:\/\/moodle.uii.edu.mx\/noticias\/index.php\/wp-json\/wp\/v2\/types\/post"}],"author":[{"embeddable":true,"href":"http:\/\/moodle.uii.edu.mx\/noticias\/index.php\/wp-json\/wp\/v2\/users\/1"}],"replies":[{"embeddable":true,"href":"http:\/\/moodle.uii.edu.mx\/noticias\/index.php\/wp-json\/wp\/v2\/comments?post=1311"}],"version-history":[{"count":1,"href":"http:\/\/moodle.uii.edu.mx\/noticias\/index.php\/wp-json\/wp\/v2\/posts\/1311\/revisions"}],"predecessor-version":[{"id":1317,"href":"http:\/\/moodle.uii.edu.mx\/noticias\/index.php\/wp-json\/wp\/v2\/posts\/1311\/revisions\/1317"}],"wp:featuredmedia":[{"embeddable":true,"href":"http:\/\/moodle.uii.edu.mx\/noticias\/index.php\/wp-json\/wp\/v2\/media\/1312"}],"wp:attachment":[{"href":"http:\/\/moodle.uii.edu.mx\/noticias\/index.php\/wp-json\/wp\/v2\/media?parent=1311"}],"wp:term":[{"taxonomy":"category","embeddable":true,"href":"http:\/\/moodle.uii.edu.mx\/noticias\/index.php\/wp-json\/wp\/v2\/categories?post=1311"},{"taxonomy":"post_tag","embeddable":true,"href":"http:\/\/moodle.uii.edu.mx\/noticias\/index.php\/wp-json\/wp\/v2\/tags?post=1311"}],"curies":[{"name":"wp","href":"https:\/\/api.w.org\/{rel}","templated":true}]}}