{"id":1190,"date":"2019-06-04T06:22:50","date_gmt":"2019-06-04T12:22:50","guid":{"rendered":"http:\/\/localhost\/noticias\/?p=1190"},"modified":"2019-06-04T06:22:50","modified_gmt":"2019-06-04T12:22:50","slug":"semana-del-comercio-justo","status":"publish","type":"post","link":"http:\/\/moodle.uii.edu.mx\/noticias\/index.php\/2019\/06\/04\/semana-del-comercio-justo\/","title":{"rendered":"Semana del Comercio Justo"},"content":{"rendered":"<p><img loading=\"lazy\" class=\"aligncenter wp-image-1191 size-full\" src=\"http:\/\/localhost\/noticias\/wp-content\/uploads\/2019\/06\/comercio-1.jpg\" alt=\"comercio (1)\" width=\"720\" height=\"540\" srcset=\"http:\/\/moodle.uii.edu.mx\/noticias\/wp-content\/uploads\/2019\/06\/comercio-1.jpg 720w, http:\/\/moodle.uii.edu.mx\/noticias\/wp-content\/uploads\/2019\/06\/comercio-1-300x225.jpg 300w\" sizes=\"(max-width: 720px) 100vw, 720px\" \/><\/p>\n<p>El comercio justo es una forma alternativa de comercio promovida por varias ONG (organizaciones no gubernamentales), por la Organizaci\u00f3n de las Naciones Unidas y por los movimientos sociales y pol\u00edticos (como el pacifismo y el ecologismo) que promueven una relaci\u00f3n comercial voluntaria y justa entre productores y consumidores.<\/p>\n<p style=\"text-align: center;\"><img loading=\"lazy\" class=\"alignnone wp-image-1192 size-full\" src=\"http:\/\/localhost\/noticias\/wp-content\/uploads\/2019\/06\/comercio-2.jpg\" alt=\"comercio (2)\" width=\"720\" height=\"540\" srcset=\"http:\/\/moodle.uii.edu.mx\/noticias\/wp-content\/uploads\/2019\/06\/comercio-2.jpg 720w, http:\/\/moodle.uii.edu.mx\/noticias\/wp-content\/uploads\/2019\/06\/comercio-2-300x225.jpg 300w\" sizes=\"(max-width: 720px) 100vw, 720px\" \/><\/p>\n<p>Los d\u00edas del 20 al 24 de mayo se llev\u00f3 acabo el evento Semana de Comercio Justo, en el cual se llev\u00f3 con mucho \u00e9xito la participaci\u00f3n de alumnos y docentes de todas las modalidades del Instituto Irapuato adem\u00e1s de administrativos que conforman la comunidad educativa.<\/p>\n<p style=\"text-align: center;\"><img loading=\"lazy\" class=\"aligncenter wp-image-1193 size-full\" src=\"http:\/\/localhost\/noticias\/wp-content\/uploads\/2019\/06\/comercio-4.jpg\" alt=\"comercio (4)\" width=\"720\" height=\"540\" srcset=\"http:\/\/moodle.uii.edu.mx\/noticias\/wp-content\/uploads\/2019\/06\/comercio-4.jpg 720w, http:\/\/moodle.uii.edu.mx\/noticias\/wp-content\/uploads\/2019\/06\/comercio-4-300x225.jpg 300w\" sizes=\"(max-width: 720px) 100vw, 720px\" \/><\/p>\n<p>La Semana de Comercio Justo cont\u00f3 con aproximadamente 10 stands de diferentes productos como fueron artesan\u00edas, helados artesanales, semillas, cuidados femeninos naturales, fertilizantes as\u00ed como venta de plata entre otras.<\/p>\n<p style=\"text-align: center;\"><img loading=\"lazy\" class=\"alignnone wp-image-1194 size-full\" src=\"http:\/\/localhost\/noticias\/wp-content\/uploads\/2019\/06\/comercio-5.jpg\" alt=\"comercio (5)\" width=\"720\" height=\"540\" srcset=\"http:\/\/moodle.uii.edu.mx\/noticias\/wp-content\/uploads\/2019\/06\/comercio-5.jpg 720w, http:\/\/moodle.uii.edu.mx\/noticias\/wp-content\/uploads\/2019\/06\/comercio-5-300x225.jpg 300w\" sizes=\"(max-width: 720px) 100vw, 720px\" \/><\/p>\n<p>Para complementar se brindaron diferentes conferencias para conocer el proceso de los productores, pero sobre todo para promover y hacer conciencia sobre las implicaciones del comercio justo.<\/p>\n<p style=\"text-align: center;\"><img loading=\"lazy\" class=\"alignnone wp-image-1195 size-full\" src=\"http:\/\/localhost\/noticias\/wp-content\/uploads\/2019\/06\/comercio-6.jpg\" alt=\"comercio (6)\" width=\"720\" height=\"540\" srcset=\"http:\/\/moodle.uii.edu.mx\/noticias\/wp-content\/uploads\/2019\/06\/comercio-6.jpg 720w, http:\/\/moodle.uii.edu.mx\/noticias\/wp-content\/uploads\/2019\/06\/comercio-6-300x225.jpg 300w\" sizes=\"(max-width: 720px) 100vw, 720px\" \/><\/p>\n<p>Estas acciones complementan nuestro prop\u00f3sito fundamental: ser una instituci\u00f3n que ofrece experiencias educativas orientadas a la formaci\u00f3n de l\u00edderes transformacionales en donde incorporamos el desarrollo de una cultura humanista.<\/p>\n<p>&nbsp;<\/p>\n","protected":false},"excerpt":{"rendered":"<p>El comercio justo es una forma alternativa de comercio promovida por varias ONG (organizaciones no gubernamentales), por la Organizaci\u00f3n de las Naciones Unidas y por los movimientos sociales y pol\u00edticos (como el pacifismo y el ecologismo) que promueven una relaci\u00f3n comercial voluntaria y justa entre productores y consumidores. Los d\u00edas del 20 al 24 de [&hellip;]<\/p>\n","protected":false},"author":1,"featured_media":1191,"comment_status":"closed","ping_status":"open","sticky":false,"template":"","format":"standard","meta":[],"categories":[33,32,36,4,35,34,26],"tags":[],"_links":{"self":[{"href":"http:\/\/moodle.uii.edu.mx\/noticias\/index.php\/wp-json\/wp\/v2\/posts\/1190"}],"collection":[{"href":"http:\/\/moodle.uii.edu.mx\/noticias\/index.php\/wp-json\/wp\/v2\/posts"}],"about":[{"href":"http:\/\/moodle.uii.edu.mx\/noticias\/index.php\/wp-json\/wp\/v2\/types\/post"}],"author":[{"embeddable":true,"href":"http:\/\/moodle.uii.edu.mx\/noticias\/index.php\/wp-json\/wp\/v2\/users\/1"}],"replies":[{"embeddable":true,"href":"http:\/\/moodle.uii.edu.mx\/noticias\/index.php\/wp-json\/wp\/v2\/comments?post=1190"}],"version-history":[{"count":1,"href":"http:\/\/moodle.uii.edu.mx\/noticias\/index.php\/wp-json\/wp\/v2\/posts\/1190\/revisions"}],"predecessor-version":[{"id":1196,"href":"http:\/\/moodle.uii.edu.mx\/noticias\/index.php\/wp-json\/wp\/v2\/posts\/1190\/revisions\/1196"}],"wp:featuredmedia":[{"embeddable":true,"href":"http:\/\/moodle.uii.edu.mx\/noticias\/index.php\/wp-json\/wp\/v2\/media\/1191"}],"wp:attachment":[{"href":"http:\/\/moodle.uii.edu.mx\/noticias\/index.php\/wp-json\/wp\/v2\/media?parent=1190"}],"wp:term":[{"taxonomy":"category","embeddable":true,"href":"http:\/\/moodle.uii.edu.mx\/noticias\/index.php\/wp-json\/wp\/v2\/categories?post=1190"},{"taxonomy":"post_tag","embeddable":true,"href":"http:\/\/moodle.uii.edu.mx\/noticias\/index.php\/wp-json\/wp\/v2\/tags?post=1190"}],"curies":[{"name":"wp","href":"https:\/\/api.w.org\/{rel}","templated":true}]}}