{"id":1114,"date":"2018-12-10T08:05:32","date_gmt":"2018-12-10T14:05:32","guid":{"rendered":"http:\/\/localhost\/noticias\/?p=1114"},"modified":"2018-12-10T08:05:32","modified_gmt":"2018-12-10T14:05:32","slug":"coloquio-multidisciplinario-en-ensenanza","status":"publish","type":"post","link":"http:\/\/moodle.uii.edu.mx\/noticias\/index.php\/2018\/12\/10\/coloquio-multidisciplinario-en-ensenanza\/","title":{"rendered":"Coloquio Multidisciplinario en Ense\u00f1anza"},"content":{"rendered":"<p><img loading=\"lazy\" class=\"aligncenter wp-image-1115 size-full\" src=\"http:\/\/localhost\/noticias\/wp-content\/uploads\/2018\/12\/coloquio20181206_0714.jpg\" alt=\"coloquio20181206_0714\" width=\"1000\" height=\"662\" srcset=\"http:\/\/moodle.uii.edu.mx\/noticias\/wp-content\/uploads\/2018\/12\/coloquio20181206_0714.jpg 1000w, http:\/\/moodle.uii.edu.mx\/noticias\/wp-content\/uploads\/2018\/12\/coloquio20181206_0714-300x199.jpg 300w, http:\/\/moodle.uii.edu.mx\/noticias\/wp-content\/uploads\/2018\/12\/coloquio20181206_0714-768x508.jpg 768w\" sizes=\"(max-width: 1000px) 100vw, 1000px\" \/><\/p>\n<p>El pasado 24 de noviembre se llev\u00f3 en nuestras instalaciones el 3er Coloquio Multidisciplinario de Ense\u00f1anza con el tema \u201cExpectativas y prioridades educativas: Una visi\u00f3n compartida\u201d se dio inicio a\u00a0 este gran d\u00eda con una magnifica conferencia impartida por el Mtro. Sergio Ignacio Castro Gonzalez con el tema \u201cLiderazgo, inspiraci\u00f3n y visi\u00f3n del docente\u201d donde les dio a nuestros alumnos de posgrados algunos buenos concejos para llevar su docencia a otro nivel como fueron: Influir e inspirar a otros, tomar la iniciativa y marcar el rumbo,\u00a0 ofrecer apoyo\/servicios, Pedir responsabilidades a otros, dar forma al comportamiento ante el aprendizaje, valorar\/fomentar el comportamiento positivo.<\/p>\n<p><img loading=\"lazy\" class=\"aligncenter wp-image-1116 size-full\" src=\"http:\/\/localhost\/noticias\/wp-content\/uploads\/2018\/12\/coloquio20181206_0715.jpg\" alt=\"coloquio20181206_0715\" width=\"1000\" height=\"662\" srcset=\"http:\/\/moodle.uii.edu.mx\/noticias\/wp-content\/uploads\/2018\/12\/coloquio20181206_0715.jpg 1000w, http:\/\/moodle.uii.edu.mx\/noticias\/wp-content\/uploads\/2018\/12\/coloquio20181206_0715-300x199.jpg 300w, http:\/\/moodle.uii.edu.mx\/noticias\/wp-content\/uploads\/2018\/12\/coloquio20181206_0715-768x508.jpg 768w\" sizes=\"(max-width: 1000px) 100vw, 1000px\" \/><\/p>\n<p>Continuamos con nuestra segunda conferencia impartida por el Mtro. Ad\u00e1n Lara Pati\u00f1o del d\u00eda que fue: La educaci\u00f3n: del mito a la seducci\u00f3n de la mercanc\u00eda. En donde hizo especial menci\u00f3n que sobre estas ense\u00f1anzas, solamente una aclaraci\u00f3n: cuando se haga referencia a la \u201cense\u00f1anza concertada\u201d no hay que olvidar a\u00f1adir el concepto \u201cprivada\u201d, es decir, se denomina \u201cense\u00f1anza privada concertada\u201d. Porque es preciso matizar que se trata de empresas de titularidad privada que reciben fondos p\u00fablicos, empresas que se dedican, como otras tantas, a obtener beneficios, en este caso mercadeando con la educaci\u00f3n.<\/p>\n<p><img loading=\"lazy\" class=\"aligncenter wp-image-1117 size-full\" src=\"http:\/\/localhost\/noticias\/wp-content\/uploads\/2018\/12\/coloquio20181206_0713.jpg\" alt=\"coloquio20181206_0713\" width=\"1000\" height=\"662\" srcset=\"http:\/\/moodle.uii.edu.mx\/noticias\/wp-content\/uploads\/2018\/12\/coloquio20181206_0713.jpg 1000w, http:\/\/moodle.uii.edu.mx\/noticias\/wp-content\/uploads\/2018\/12\/coloquio20181206_0713-300x199.jpg 300w, http:\/\/moodle.uii.edu.mx\/noticias\/wp-content\/uploads\/2018\/12\/coloquio20181206_0713-768x508.jpg 768w\" sizes=\"(max-width: 1000px) 100vw, 1000px\" \/><\/p>\n<p>Despu\u00e9s de estas dos grandes conferencias nuestros alumnos entraron a diferentes talleres que fueron impartidos por maestros de nuestra instituci\u00f3n en donde los alumnos de posgrados interactuaron para fortalecer el tema<\/p>\n<p><img loading=\"lazy\" class=\"aligncenter wp-image-1118 size-full\" src=\"http:\/\/localhost\/noticias\/wp-content\/uploads\/2018\/12\/coloquio20181206_0710.jpg\" alt=\"coloquio20181206_0710\" width=\"1000\" height=\"662\" srcset=\"http:\/\/moodle.uii.edu.mx\/noticias\/wp-content\/uploads\/2018\/12\/coloquio20181206_0710.jpg 1000w, http:\/\/moodle.uii.edu.mx\/noticias\/wp-content\/uploads\/2018\/12\/coloquio20181206_0710-300x199.jpg 300w, http:\/\/moodle.uii.edu.mx\/noticias\/wp-content\/uploads\/2018\/12\/coloquio20181206_0710-768x508.jpg 768w\" sizes=\"(max-width: 1000px) 100vw, 1000px\" \/><\/p>\n","protected":false},"excerpt":{"rendered":"<p>El pasado 24 de noviembre se llev\u00f3 en nuestras instalaciones el 3er Coloquio Multidisciplinario de Ense\u00f1anza con el tema \u201cExpectativas y prioridades educativas: Una visi\u00f3n compartida\u201d se dio inicio a\u00a0 este gran d\u00eda con una magnifica conferencia impartida por el Mtro. Sergio Ignacio Castro Gonzalez con el tema \u201cLiderazgo, inspiraci\u00f3n y visi\u00f3n del docente\u201d donde [&hellip;]<\/p>\n","protected":false},"author":1,"featured_media":1115,"comment_status":"closed","ping_status":"open","sticky":false,"template":"","format":"standard","meta":[],"categories":[36,35,34,26],"tags":[],"_links":{"self":[{"href":"http:\/\/moodle.uii.edu.mx\/noticias\/index.php\/wp-json\/wp\/v2\/posts\/1114"}],"collection":[{"href":"http:\/\/moodle.uii.edu.mx\/noticias\/index.php\/wp-json\/wp\/v2\/posts"}],"about":[{"href":"http:\/\/moodle.uii.edu.mx\/noticias\/index.php\/wp-json\/wp\/v2\/types\/post"}],"author":[{"embeddable":true,"href":"http:\/\/moodle.uii.edu.mx\/noticias\/index.php\/wp-json\/wp\/v2\/users\/1"}],"replies":[{"embeddable":true,"href":"http:\/\/moodle.uii.edu.mx\/noticias\/index.php\/wp-json\/wp\/v2\/comments?post=1114"}],"version-history":[{"count":1,"href":"http:\/\/moodle.uii.edu.mx\/noticias\/index.php\/wp-json\/wp\/v2\/posts\/1114\/revisions"}],"predecessor-version":[{"id":1119,"href":"http:\/\/moodle.uii.edu.mx\/noticias\/index.php\/wp-json\/wp\/v2\/posts\/1114\/revisions\/1119"}],"wp:featuredmedia":[{"embeddable":true,"href":"http:\/\/moodle.uii.edu.mx\/noticias\/index.php\/wp-json\/wp\/v2\/media\/1115"}],"wp:attachment":[{"href":"http:\/\/moodle.uii.edu.mx\/noticias\/index.php\/wp-json\/wp\/v2\/media?parent=1114"}],"wp:term":[{"taxonomy":"category","embeddable":true,"href":"http:\/\/moodle.uii.edu.mx\/noticias\/index.php\/wp-json\/wp\/v2\/categories?post=1114"},{"taxonomy":"post_tag","embeddable":true,"href":"http:\/\/moodle.uii.edu.mx\/noticias\/index.php\/wp-json\/wp\/v2\/tags?post=1114"}],"curies":[{"name":"wp","href":"https:\/\/api.w.org\/{rel}","templated":true}]}}