{"id":1088,"date":"2018-11-03T08:16:48","date_gmt":"2018-11-03T14:16:48","guid":{"rendered":"http:\/\/localhost\/noticias\/?p=1088"},"modified":"2018-11-03T08:16:48","modified_gmt":"2018-11-03T14:16:48","slug":"presea-duc-in-altum-2018","status":"publish","type":"post","link":"http:\/\/moodle.uii.edu.mx\/noticias\/index.php\/2018\/11\/03\/presea-duc-in-altum-2018\/","title":{"rendered":"Presea Duc In Altum 2018"},"content":{"rendered":"<p><img loading=\"lazy\" class=\"aligncenter wp-image-1089 size-full\" src=\"http:\/\/localhost\/noticias\/wp-content\/uploads\/2018\/11\/44744908_1839084436208116_2306066807074586624_o.jpg\" alt=\"44744908_1839084436208116_2306066807074586624_o\" width=\"1000\" height=\"667\" srcset=\"http:\/\/moodle.uii.edu.mx\/noticias\/wp-content\/uploads\/2018\/11\/44744908_1839084436208116_2306066807074586624_o.jpg 1000w, http:\/\/moodle.uii.edu.mx\/noticias\/wp-content\/uploads\/2018\/11\/44744908_1839084436208116_2306066807074586624_o-300x200.jpg 300w, http:\/\/moodle.uii.edu.mx\/noticias\/wp-content\/uploads\/2018\/11\/44744908_1839084436208116_2306066807074586624_o-768x512.jpg 768w\" sizes=\"(max-width: 1000px) 100vw, 1000px\" \/><\/p>\n<p><span class=\"dropcap\">E<\/span>l pasado 23 de octubre, en el marco de la celebraci\u00f3n de 43 aniversario del Instituto Irapuato, se llev\u00f3 acabo un evento de gran importancia: la entrega de la presea Duc In Altum donde nuestra instituci\u00f3n se visti\u00f3 de gala entregando el m\u00e1ximo galard\u00f3n otorgado a trav\u00e9s de Fomento Educativo Cultural A.C. a las categor\u00edas de Promoci\u00f3n de la Educaci\u00f3n y la Cultura, Trayectoria de vida y Desarrollo Profesional.<\/p>\n<p><img loading=\"lazy\" class=\"aligncenter wp-image-1090 size-full\" src=\"http:\/\/localhost\/noticias\/wp-content\/uploads\/2018\/11\/44750612_1839083576208202_2971348741484707840_o.jpg\" alt=\"44750612_1839083576208202_2971348741484707840_o\" width=\"1000\" height=\"667\" srcset=\"http:\/\/moodle.uii.edu.mx\/noticias\/wp-content\/uploads\/2018\/11\/44750612_1839083576208202_2971348741484707840_o.jpg 1000w, http:\/\/moodle.uii.edu.mx\/noticias\/wp-content\/uploads\/2018\/11\/44750612_1839083576208202_2971348741484707840_o-300x200.jpg 300w, http:\/\/moodle.uii.edu.mx\/noticias\/wp-content\/uploads\/2018\/11\/44750612_1839083576208202_2971348741484707840_o-768x512.jpg 768w\" sizes=\"(max-width: 1000px) 100vw, 1000px\" \/><\/p>\n<p>Contando con la presencia de autoridades escolares, administrativos, exalumnos e invitados especiales comenz\u00f3 la ceremonia con el Lic. Eduardo Cortes Navarro, Rector del Instituto Irapuato dio la bienvenida a los asistentes y resalt\u00f3 el compromiso que representa recibir dicho galardon.<\/p>\n<p><img loading=\"lazy\" class=\"alignnone size-medium wp-image-1091\" src=\"http:\/\/localhost\/noticias\/wp-content\/uploads\/2018\/11\/44786431_1839083419541551_8251677772519309312_o-300x200.jpg\" alt=\"44786431_1839083419541551_8251677772519309312_o\" width=\"300\" height=\"200\" srcset=\"http:\/\/moodle.uii.edu.mx\/noticias\/wp-content\/uploads\/2018\/11\/44786431_1839083419541551_8251677772519309312_o-300x200.jpg 300w, http:\/\/moodle.uii.edu.mx\/noticias\/wp-content\/uploads\/2018\/11\/44786431_1839083419541551_8251677772519309312_o-768x512.jpg 768w, http:\/\/moodle.uii.edu.mx\/noticias\/wp-content\/uploads\/2018\/11\/44786431_1839083419541551_8251677772519309312_o.jpg 1000w\" sizes=\"(max-width: 300px) 100vw, 300px\" \/><img loading=\"lazy\" class=\"alignnone size-medium wp-image-1092\" src=\"http:\/\/localhost\/noticias\/wp-content\/uploads\/2018\/11\/44713608_1839083882874838_4424024423225360384_o-300x200.jpg\" alt=\"44713608_1839083882874838_4424024423225360384_o\" width=\"300\" height=\"200\" srcset=\"http:\/\/moodle.uii.edu.mx\/noticias\/wp-content\/uploads\/2018\/11\/44713608_1839083882874838_4424024423225360384_o-300x200.jpg 300w, http:\/\/moodle.uii.edu.mx\/noticias\/wp-content\/uploads\/2018\/11\/44713608_1839083882874838_4424024423225360384_o-768x512.jpg 768w, http:\/\/moodle.uii.edu.mx\/noticias\/wp-content\/uploads\/2018\/11\/44713608_1839083882874838_4424024423225360384_o.jpg 1000w\" sizes=\"(max-width: 300px) 100vw, 300px\" \/><img loading=\"lazy\" class=\"alignnone size-medium wp-image-1093\" src=\"http:\/\/localhost\/noticias\/wp-content\/uploads\/2018\/11\/44814266_1839083446208215_2524466168954093568_o-300x200.jpg\" alt=\"44814266_1839083446208215_2524466168954093568_o\" width=\"300\" height=\"200\" srcset=\"http:\/\/moodle.uii.edu.mx\/noticias\/wp-content\/uploads\/2018\/11\/44814266_1839083446208215_2524466168954093568_o-300x200.jpg 300w, http:\/\/moodle.uii.edu.mx\/noticias\/wp-content\/uploads\/2018\/11\/44814266_1839083446208215_2524466168954093568_o-768x512.jpg 768w, http:\/\/moodle.uii.edu.mx\/noticias\/wp-content\/uploads\/2018\/11\/44814266_1839083446208215_2524466168954093568_o.jpg 1000w\" sizes=\"(max-width: 300px) 100vw, 300px\" \/><img loading=\"lazy\" class=\"alignnone size-medium wp-image-1094\" src=\"http:\/\/localhost\/noticias\/wp-content\/uploads\/2018\/11\/44747954_1839084326208127_929436343103127552_o-300x200.jpg\" alt=\"44747954_1839084326208127_929436343103127552_o\" width=\"300\" height=\"200\" srcset=\"http:\/\/moodle.uii.edu.mx\/noticias\/wp-content\/uploads\/2018\/11\/44747954_1839084326208127_929436343103127552_o-300x200.jpg 300w, http:\/\/moodle.uii.edu.mx\/noticias\/wp-content\/uploads\/2018\/11\/44747954_1839084326208127_929436343103127552_o-768x512.jpg 768w, http:\/\/moodle.uii.edu.mx\/noticias\/wp-content\/uploads\/2018\/11\/44747954_1839084326208127_929436343103127552_o.jpg 1000w\" sizes=\"(max-width: 300px) 100vw, 300px\" \/><\/p>\n<p>Duc In Altum es traducido como \u201cRemar mar adentro\u201d y reconoce a los galardonados por su entereza, entrega y convicci\u00f3n de ir m\u00e1s all\u00e1. Las categor\u00edas fueron\u00a0 \u201cPromoci\u00f3n de la educaci\u00f3n y la cultura\u201d fue otorgada al Lic. Fernando Olivera Rocha, exsecretario de Turismo del Estado de Guanajuato; \u201cTrayectoria de vida\u201d otorgada al Padre Jesuita Doctor Sa\u00fal Cuautle Quechol, en representaci\u00f3n de la Red de Colegios Asociados Jesuitas; y \u201cDesarrollo Profesional\u201d otorgado al Lic. Ricardo Hern\u00e1ndez Hinojosa.<\/p>\n<p><img loading=\"lazy\" class=\"aligncenter wp-image-1095 size-full\" src=\"http:\/\/localhost\/noticias\/wp-content\/uploads\/2018\/11\/44658301_1839084066208153_6479351688099528704_o.jpg\" alt=\"44658301_1839084066208153_6479351688099528704_o\" width=\"1000\" height=\"667\" srcset=\"http:\/\/moodle.uii.edu.mx\/noticias\/wp-content\/uploads\/2018\/11\/44658301_1839084066208153_6479351688099528704_o.jpg 1000w, http:\/\/moodle.uii.edu.mx\/noticias\/wp-content\/uploads\/2018\/11\/44658301_1839084066208153_6479351688099528704_o-300x200.jpg 300w, http:\/\/moodle.uii.edu.mx\/noticias\/wp-content\/uploads\/2018\/11\/44658301_1839084066208153_6479351688099528704_o-768x512.jpg 768w\" sizes=\"(max-width: 1000px) 100vw, 1000px\" \/><\/p>\n<p>Una noche llena de emociones dio paso a la inauguraci\u00f3n\u00a0 del nuevo recinto educativo: el edificio H, dise\u00f1ado por un exalumno de nuestra instituci\u00f3n el Arq. Carlos Rodriguez Bernal, quien reconoci\u00f3 la importancia de facilitar a los profesores y alumnos las herramientas necesarias para la ense\u00f1anza. Para realizar el corte de list\u00f3n estuvo a cargo de la Mtra. Susana Garibi de Cu\u00e9n, la Licenciada Mar\u00eda Eugenia Gomez, el Licenciado Eduardo Cortes Navarro y el Dr. Sa\u00fal Cuautle Quecho<\/p>\n<p><img loading=\"lazy\" class=\"aligncenter wp-image-1096 size-full\" src=\"http:\/\/localhost\/noticias\/wp-content\/uploads\/2018\/11\/44807314_1839082579541635_3203608254886182912_o.jpg\" alt=\"44807314_1839082579541635_3203608254886182912_o\" width=\"1000\" height=\"667\" srcset=\"http:\/\/moodle.uii.edu.mx\/noticias\/wp-content\/uploads\/2018\/11\/44807314_1839082579541635_3203608254886182912_o.jpg 1000w, http:\/\/moodle.uii.edu.mx\/noticias\/wp-content\/uploads\/2018\/11\/44807314_1839082579541635_3203608254886182912_o-300x200.jpg 300w, http:\/\/moodle.uii.edu.mx\/noticias\/wp-content\/uploads\/2018\/11\/44807314_1839082579541635_3203608254886182912_o-768x512.jpg 768w\" sizes=\"(max-width: 1000px) 100vw, 1000px\" \/><\/p>\n<p>En el Instituto Irapuato seguimos creciendo para formar a nuestros estudiantes como l\u00edderes transformacionales. Felicitamos a todos los galardonados.<\/p>\n","protected":false},"excerpt":{"rendered":"<p>l pasado 23 de octubre, en el marco de la celebraci\u00f3n de 43 aniversario del Instituto Irapuato, se llev\u00f3 acabo un evento de gran importancia: la entrega de la presea Duc In Altum donde nuestra instituci\u00f3n se visti\u00f3 de gala entregando el m\u00e1ximo galard\u00f3n otorgado a trav\u00e9s de Fomento Educativo Cultural A.C. a las categor\u00edas [&hellip;]<\/p>\n","protected":false},"author":1,"featured_media":1089,"comment_status":"closed","ping_status":"open","sticky":false,"template":"","format":"gallery","meta":[],"categories":[33,32,36,4,35,34,26],"tags":[],"_links":{"self":[{"href":"http:\/\/moodle.uii.edu.mx\/noticias\/index.php\/wp-json\/wp\/v2\/posts\/1088"}],"collection":[{"href":"http:\/\/moodle.uii.edu.mx\/noticias\/index.php\/wp-json\/wp\/v2\/posts"}],"about":[{"href":"http:\/\/moodle.uii.edu.mx\/noticias\/index.php\/wp-json\/wp\/v2\/types\/post"}],"author":[{"embeddable":true,"href":"http:\/\/moodle.uii.edu.mx\/noticias\/index.php\/wp-json\/wp\/v2\/users\/1"}],"replies":[{"embeddable":true,"href":"http:\/\/moodle.uii.edu.mx\/noticias\/index.php\/wp-json\/wp\/v2\/comments?post=1088"}],"version-history":[{"count":1,"href":"http:\/\/moodle.uii.edu.mx\/noticias\/index.php\/wp-json\/wp\/v2\/posts\/1088\/revisions"}],"predecessor-version":[{"id":1097,"href":"http:\/\/moodle.uii.edu.mx\/noticias\/index.php\/wp-json\/wp\/v2\/posts\/1088\/revisions\/1097"}],"wp:featuredmedia":[{"embeddable":true,"href":"http:\/\/moodle.uii.edu.mx\/noticias\/index.php\/wp-json\/wp\/v2\/media\/1089"}],"wp:attachment":[{"href":"http:\/\/moodle.uii.edu.mx\/noticias\/index.php\/wp-json\/wp\/v2\/media?parent=1088"}],"wp:term":[{"taxonomy":"category","embeddable":true,"href":"http:\/\/moodle.uii.edu.mx\/noticias\/index.php\/wp-json\/wp\/v2\/categories?post=1088"},{"taxonomy":"post_tag","embeddable":true,"href":"http:\/\/moodle.uii.edu.mx\/noticias\/index.php\/wp-json\/wp\/v2\/tags?post=1088"}],"curies":[{"name":"wp","href":"https:\/\/api.w.org\/{rel}","templated":true}]}}