{"id":1082,"date":"2018-11-01T14:03:55","date_gmt":"2018-11-01T20:03:55","guid":{"rendered":"http:\/\/localhost\/noticias\/?p=1082"},"modified":"2018-11-01T14:03:55","modified_gmt":"2018-11-01T20:03:55","slug":"firma-de-convenio-con-ibero-puebla","status":"publish","type":"post","link":"http:\/\/moodle.uii.edu.mx\/noticias\/index.php\/2018\/11\/01\/firma-de-convenio-con-ibero-puebla\/","title":{"rendered":"Firma de Convenio con Ibero Puebla"},"content":{"rendered":"<p><img loading=\"lazy\" class=\"aligncenter wp-image-1083 size-full\" src=\"http:\/\/localhost\/noticias\/wp-content\/uploads\/2018\/11\/IMG_0805.jpg\" alt=\"IMG_0805\" width=\"1000\" height=\"667\" srcset=\"http:\/\/moodle.uii.edu.mx\/noticias\/wp-content\/uploads\/2018\/11\/IMG_0805.jpg 1000w, http:\/\/moodle.uii.edu.mx\/noticias\/wp-content\/uploads\/2018\/11\/IMG_0805-300x200.jpg 300w, http:\/\/moodle.uii.edu.mx\/noticias\/wp-content\/uploads\/2018\/11\/IMG_0805-768x512.jpg 768w\" sizes=\"(max-width: 1000px) 100vw, 1000px\" \/><\/p>\n<p><span class=\"dropcap\">E<\/span>l Instituto Irapuato se mantiene en movimiento, creando y estrechando lazos de colaboraci\u00f3n con instituciones educativas dentro y fuera del pa\u00eds, en esta ocasi\u00f3n lo hace con la Universidad Iberoamericana Puebla, con qui\u00e9n el pasado 23 de Octubre firm\u00f3 un convenio de colaboraci\u00f3n, que permite el desarrollo y participaci\u00f3n de alumnos y docentes en actividades acad\u00e9micas, culturales y deportivas, intercambios y becas, tanto en la Prepa Ibero como en la Universidad Iberoamericana Puebla.<\/p>\n<p><img loading=\"lazy\" class=\"aligncenter wp-image-1084 size-full\" src=\"http:\/\/localhost\/noticias\/wp-content\/uploads\/2018\/11\/IMG_3088.jpg\" alt=\"IMG_3088\" width=\"1000\" height=\"667\" srcset=\"http:\/\/moodle.uii.edu.mx\/noticias\/wp-content\/uploads\/2018\/11\/IMG_3088.jpg 1000w, http:\/\/moodle.uii.edu.mx\/noticias\/wp-content\/uploads\/2018\/11\/IMG_3088-300x200.jpg 300w, http:\/\/moodle.uii.edu.mx\/noticias\/wp-content\/uploads\/2018\/11\/IMG_3088-768x512.jpg 768w\" sizes=\"(max-width: 1000px) 100vw, 1000px\" \/><\/p>\n<p>En la firma del convenio se presentaron por parte de la Universidad Iberoamericana Puebla: Juan Carlos Cuapio, Coordinador Operativo de las Preparatorias Ibero, y Sergio Alejandro G\u00f3mez, Coordinador de Promoci\u00f3n; y por parte del Instituto Irapuato: Eduardo Cort\u00e9s Rector del Instituto Irapuato y Mar\u00eda del Carmen Ch\u00e1vez Directora de Preparatoria matutina UII.<\/p>\n<p><img loading=\"lazy\" class=\"aligncenter wp-image-1085 size-full\" src=\"http:\/\/localhost\/noticias\/wp-content\/uploads\/2018\/11\/IMG_3079.jpg\" alt=\"IMG_3079\" width=\"1000\" height=\"667\" srcset=\"http:\/\/moodle.uii.edu.mx\/noticias\/wp-content\/uploads\/2018\/11\/IMG_3079.jpg 1000w, http:\/\/moodle.uii.edu.mx\/noticias\/wp-content\/uploads\/2018\/11\/IMG_3079-300x200.jpg 300w, http:\/\/moodle.uii.edu.mx\/noticias\/wp-content\/uploads\/2018\/11\/IMG_3079-768x512.jpg 768w\" sizes=\"(max-width: 1000px) 100vw, 1000px\" \/><\/p>\n<p>Sergio Alejandro G\u00f3mez refiri\u00f3: \u201cNo es f\u00e1cil encontrar en el pa\u00eds instituciones como el Instituto Irapuato, que tengan muy claros sus objetivos y sus valores, que se mantiene en la b\u00fasqueda crecimiento, en la b\u00fasqueda de trascender. Esto es realmente lo que necesita M\u00e9xico, lo que necesitamos todos para salir adelante. Este convenio le va dando forma a una relaci\u00f3n que ya exist\u00eda entre estas dos instituciones, gracias por aprovechar estas oportunidades que ofrecemos, alumnos y docentes tienen las puertas abiertas\u201d.<\/p>\n<p><img loading=\"lazy\" class=\"aligncenter wp-image-1086 size-full\" src=\"http:\/\/localhost\/noticias\/wp-content\/uploads\/2018\/11\/IMG_3093.jpg\" alt=\"IMG_3093\" width=\"1000\" height=\"667\" srcset=\"http:\/\/moodle.uii.edu.mx\/noticias\/wp-content\/uploads\/2018\/11\/IMG_3093.jpg 1000w, http:\/\/moodle.uii.edu.mx\/noticias\/wp-content\/uploads\/2018\/11\/IMG_3093-300x200.jpg 300w, http:\/\/moodle.uii.edu.mx\/noticias\/wp-content\/uploads\/2018\/11\/IMG_3093-768x512.jpg 768w\" sizes=\"(max-width: 1000px) 100vw, 1000px\" \/><\/p>\n<p>El Instituto Irapuato y la Universidad Iberoamericana Puebla comparten el sello de formaci\u00f3n humanista- jesuita que brindan tanto a alumnos como a docentes.<\/p>\n","protected":false},"excerpt":{"rendered":"<p>l Instituto Irapuato se mantiene en movimiento, creando y estrechando lazos de colaboraci\u00f3n con instituciones educativas dentro y fuera del pa\u00eds, en esta ocasi\u00f3n lo hace con la Universidad Iberoamericana Puebla, con qui\u00e9n el pasado 23 de Octubre firm\u00f3 un convenio de colaboraci\u00f3n, que permite el desarrollo y participaci\u00f3n de alumnos y docentes en actividades [&hellip;]<\/p>\n","protected":false},"author":1,"featured_media":1083,"comment_status":"closed","ping_status":"open","sticky":false,"template":"","format":"standard","meta":[],"categories":[36,4,34],"tags":[],"_links":{"self":[{"href":"http:\/\/moodle.uii.edu.mx\/noticias\/index.php\/wp-json\/wp\/v2\/posts\/1082"}],"collection":[{"href":"http:\/\/moodle.uii.edu.mx\/noticias\/index.php\/wp-json\/wp\/v2\/posts"}],"about":[{"href":"http:\/\/moodle.uii.edu.mx\/noticias\/index.php\/wp-json\/wp\/v2\/types\/post"}],"author":[{"embeddable":true,"href":"http:\/\/moodle.uii.edu.mx\/noticias\/index.php\/wp-json\/wp\/v2\/users\/1"}],"replies":[{"embeddable":true,"href":"http:\/\/moodle.uii.edu.mx\/noticias\/index.php\/wp-json\/wp\/v2\/comments?post=1082"}],"version-history":[{"count":1,"href":"http:\/\/moodle.uii.edu.mx\/noticias\/index.php\/wp-json\/wp\/v2\/posts\/1082\/revisions"}],"predecessor-version":[{"id":1087,"href":"http:\/\/moodle.uii.edu.mx\/noticias\/index.php\/wp-json\/wp\/v2\/posts\/1082\/revisions\/1087"}],"wp:featuredmedia":[{"embeddable":true,"href":"http:\/\/moodle.uii.edu.mx\/noticias\/index.php\/wp-json\/wp\/v2\/media\/1083"}],"wp:attachment":[{"href":"http:\/\/moodle.uii.edu.mx\/noticias\/index.php\/wp-json\/wp\/v2\/media?parent=1082"}],"wp:term":[{"taxonomy":"category","embeddable":true,"href":"http:\/\/moodle.uii.edu.mx\/noticias\/index.php\/wp-json\/wp\/v2\/categories?post=1082"},{"taxonomy":"post_tag","embeddable":true,"href":"http:\/\/moodle.uii.edu.mx\/noticias\/index.php\/wp-json\/wp\/v2\/tags?post=1082"}],"curies":[{"name":"wp","href":"https:\/\/api.w.org\/{rel}","templated":true}]}}