{"id":1013,"date":"2018-08-07T07:43:44","date_gmt":"2018-08-07T13:43:44","guid":{"rendered":"http:\/\/localhost\/noticias\/?p=1013"},"modified":"2018-08-07T07:43:44","modified_gmt":"2018-08-07T13:43:44","slug":"cortometraje-buscando-el-green","status":"publish","type":"post","link":"http:\/\/moodle.uii.edu.mx\/noticias\/index.php\/2018\/08\/07\/cortometraje-buscando-el-green\/","title":{"rendered":"Cortometraje Buscando el Green"},"content":{"rendered":"<p><img loading=\"lazy\" class=\"aligncenter wp-image-1014 size-large\" src=\"http:\/\/localhost\/noticias\/wp-content\/uploads\/2018\/08\/elgreen20180806_0534-1024x768.jpg\" alt=\"elgreen20180806_0534\" width=\"900\" height=\"675\" srcset=\"http:\/\/moodle.uii.edu.mx\/noticias\/wp-content\/uploads\/2018\/08\/elgreen20180806_0534-1024x768.jpg 1024w, http:\/\/moodle.uii.edu.mx\/noticias\/wp-content\/uploads\/2018\/08\/elgreen20180806_0534-300x225.jpg 300w, http:\/\/moodle.uii.edu.mx\/noticias\/wp-content\/uploads\/2018\/08\/elgreen20180806_0534-768x576.jpg 768w, http:\/\/moodle.uii.edu.mx\/noticias\/wp-content\/uploads\/2018\/08\/elgreen20180806_0534.jpg 1040w\" sizes=\"(max-width: 900px) 100vw, 900px\" \/><\/p>\n<p>En el Instituto Irapuato nos sentimos muy orgullosos de los alumnos de la licenciatura de comunicaci\u00f3n que realizaron el documental universitario \u201cBuscando el Green\u201d, que es un proyecto de 10 j\u00f3venes que est\u00e1n participando en la categor\u00eda \u201cIdentidad y Pertenencia\u201d de la XXI edici\u00f3n del Festival Internacional de Cine Guanajuato (GIFF).<\/p>\n<p>Explicaron que fue un proceso que iniciaron desde el a\u00f1o pasado con el apoyo de sus maestros, ya que presentaron la idea del documental y esperaron a ser seleccionados por el comit\u00e9 del GIFF, para finalmente competir contra otros cinco equipos provenientes de los municipios de Le\u00f3n, Celaya y Valle de Santiago.<\/p>\n<p><img loading=\"lazy\" class=\"aligncenter wp-image-1015 size-full\" src=\"http:\/\/localhost\/noticias\/wp-content\/uploads\/2018\/08\/elgreen20180806_0532.jpg\" alt=\"elgreen20180806_0532\" width=\"533\" height=\"800\" srcset=\"http:\/\/moodle.uii.edu.mx\/noticias\/wp-content\/uploads\/2018\/08\/elgreen20180806_0532.jpg 533w, http:\/\/moodle.uii.edu.mx\/noticias\/wp-content\/uploads\/2018\/08\/elgreen20180806_0532-200x300.jpg 200w\" sizes=\"(max-width: 533px) 100vw, 533px\" \/><\/p>\n<p>Esta idea surgi\u00f3 a partir de un proyecto escolar en donde acudieron a la comunidad San Jos\u00e9 de Bernalejo de Irapuato, para entregar apoyo a los habitantes, pero en el lugar descubrieron que los ni\u00f1os suelen practicar golf, tal como lo hizo el famoso golfista, Jos\u00e9 de Jes\u00fas \u201cCamar\u00f3n\u201d Rodr\u00edguez, quien es proveniente de la misma comunidad; por lo que as\u00ed surgi\u00f3 la idea de realizar un documental que cuente la historia del deporte que se practica en aquella zona rural.<\/p>\n<p>El proyecto es muy interesante, porque es muy conocido que el golf s\u00f3lo es practicado por gente de alto nivel econ\u00f3mico, pero en la comunidad tambi\u00e9n lo practican, aunque sea entre las rocas y espinas, los ni\u00f1os se divierten y lo aprenden.<\/p>\n<p><img loading=\"lazy\" class=\"aligncenter wp-image-1016 size-full\" src=\"http:\/\/localhost\/noticias\/wp-content\/uploads\/2018\/08\/elgreen20180806_0533.jpg\" alt=\"elgreen20180806_0533\" width=\"423\" height=\"603\" srcset=\"http:\/\/moodle.uii.edu.mx\/noticias\/wp-content\/uploads\/2018\/08\/elgreen20180806_0533.jpg 423w, http:\/\/moodle.uii.edu.mx\/noticias\/wp-content\/uploads\/2018\/08\/elgreen20180806_0533-210x300.jpg 210w\" sizes=\"(max-width: 423px) 100vw, 423px\" \/><\/p>\n<p>El director de \u201cBuscando el Green\u201d mencion\u00f3 que junto con Enrique Quintero, Allison Cruz, Hugo Ram\u00edrez, Natalia Zamora, Emmanuel Serna, Carmen Gonz\u00e1lez, M\u00f3nica Monterrubio, Arantxa Rojas y Belinda Guti\u00e9rrez, se han estado preparando a trav\u00e9s de los talleres que les ofrece el GIFF durante cada fin de semana, como investigaci\u00f3n hist\u00f3rica y lenguaje cinematogr\u00e1fico, para que finalmente inicien la producci\u00f3n y exhiban su proyecto en el festival a mediados del a\u00f1o.<\/p>\n<p>-Fuente: Sol de Irapuato-<\/p>\n","protected":false},"excerpt":{"rendered":"<p>En el Instituto Irapuato nos sentimos muy orgullosos de los alumnos de la licenciatura de comunicaci\u00f3n que realizaron el documental universitario \u201cBuscando el Green\u201d, que es un proyecto de 10 j\u00f3venes que est\u00e1n participando en la categor\u00eda \u201cIdentidad y Pertenencia\u201d de la XXI edici\u00f3n del Festival Internacional de Cine Guanajuato (GIFF). Explicaron que fue un [&hellip;]<\/p>\n","protected":false},"author":1,"featured_media":1014,"comment_status":"closed","ping_status":"open","sticky":false,"template":"","format":"standard","meta":[],"categories":[33,36,26],"tags":[],"_links":{"self":[{"href":"http:\/\/moodle.uii.edu.mx\/noticias\/index.php\/wp-json\/wp\/v2\/posts\/1013"}],"collection":[{"href":"http:\/\/moodle.uii.edu.mx\/noticias\/index.php\/wp-json\/wp\/v2\/posts"}],"about":[{"href":"http:\/\/moodle.uii.edu.mx\/noticias\/index.php\/wp-json\/wp\/v2\/types\/post"}],"author":[{"embeddable":true,"href":"http:\/\/moodle.uii.edu.mx\/noticias\/index.php\/wp-json\/wp\/v2\/users\/1"}],"replies":[{"embeddable":true,"href":"http:\/\/moodle.uii.edu.mx\/noticias\/index.php\/wp-json\/wp\/v2\/comments?post=1013"}],"version-history":[{"count":1,"href":"http:\/\/moodle.uii.edu.mx\/noticias\/index.php\/wp-json\/wp\/v2\/posts\/1013\/revisions"}],"predecessor-version":[{"id":1017,"href":"http:\/\/moodle.uii.edu.mx\/noticias\/index.php\/wp-json\/wp\/v2\/posts\/1013\/revisions\/1017"}],"wp:featuredmedia":[{"embeddable":true,"href":"http:\/\/moodle.uii.edu.mx\/noticias\/index.php\/wp-json\/wp\/v2\/media\/1014"}],"wp:attachment":[{"href":"http:\/\/moodle.uii.edu.mx\/noticias\/index.php\/wp-json\/wp\/v2\/media?parent=1013"}],"wp:term":[{"taxonomy":"category","embeddable":true,"href":"http:\/\/moodle.uii.edu.mx\/noticias\/index.php\/wp-json\/wp\/v2\/categories?post=1013"},{"taxonomy":"post_tag","embeddable":true,"href":"http:\/\/moodle.uii.edu.mx\/noticias\/index.php\/wp-json\/wp\/v2\/tags?post=1013"}],"curies":[{"name":"wp","href":"https:\/\/api.w.org\/{rel}","templated":true}]}}